{"id":345,"date":"2025-07-18T18:27:13","date_gmt":"2025-07-18T16:27:13","guid":{"rendered":"https:\/\/oceanbeat.com\/?p=345"},"modified":"2025-07-22T18:38:00","modified_gmt":"2025-07-22T16:38:00","slug":"cumbre-internacional-de-la-musica-2025-el-futuro-de-la-musica-de-baile-se-despliega-en-ibiza","status":"publish","type":"post","link":"https:\/\/oceanbeat.com\/es\/2025\/07\/18\/international-music-summit-2025-the-future-of-dance-music-unfolds-in-ibiza\/","title":{"rendered":"Cumbre Internacional de la M\u00fasica 2025: El futuro de la m\u00fasica dance se despliega en Ibiza"},"content":{"rendered":"<div data-elementor-type=\"wp-post\" data-elementor-id=\"345\" class=\"elementor elementor-345\" data-elementor-post-type=\"post\">\n\t\t\t\t<div class=\"elementor-element elementor-element-27fdde2 e-flex e-con-boxed e-con e-parent\" data-id=\"27fdde2\" data-element_type=\"container\" data-e-type=\"container\">\n\t\t\t\t\t<div class=\"e-con-inner\">\n\t\t\t\t<div class=\"elementor-element elementor-element-73977db elementor-widget__width-initial elementor-widget elementor-widget-text-editor\" data-id=\"73977db\" data-element_type=\"widget\" data-e-type=\"widget\" data-widget_type=\"text-editor.default\">\n\t\t\t\t\t\t\t\t\t<p>Cumbre Internacional de la M\u00fasica 2025: El futuro de la m\u00fasica dance se despliega en Ibiza<\/p>\t\t\t\t\t\t\t\t<\/div>\n\t\t\t\t<div class=\"elementor-element elementor-element-12ca1fc elementor-widget__width-initial elementor-widget elementor-widget-text-editor\" data-id=\"12ca1fc\" data-element_type=\"widget\" data-e-type=\"widget\" data-widget_type=\"text-editor.default\">\n\t\t\t\t\t\t\t\t\t<div data-breakout=\"normal\"><p id=\"viewer-7qhca1229\" class=\"M8rfQ bTSJG bIc1y -Gy9d\" dir=\"auto\"><em>\"La prestigiosa Cumbre Internacional de la M\u00fasica (IMS) de Ibiza vuelve en 2025, una vez m\u00e1s como escenario de conversaciones revolucionarias, contactos en el sector y debates de vanguardia sobre la m\u00fasica electr\u00f3nica. El tema de este a\u00f1o, Intercambio Intergeneracional, pretende tender un puente entre los pioneros legendarios y la pr\u00f3xima ola de talentos que dar\u00e1n forma al futuro de la m\u00fasica de baile. Mientras el IMS sigue siendo el latido de la escena electr\u00f3nica mundial, vamos a sumergirnos en lo que hace que la edici\u00f3n de 2025 sea ineludible\".<\/em><\/p><\/div>\t\t\t\t\t\t\t\t<\/div>\n\t\t\t\t<div class=\"elementor-element elementor-element-c004ea0 elementor-widget__width-initial elementor-widget elementor-widget-text-editor\" data-id=\"c004ea0\" data-element_type=\"widget\" data-e-type=\"widget\" data-widget_type=\"text-editor.default\">\n\t\t\t\t\t\t\t\t\t<p>\u00bfQu\u00e9 es IMS?<\/p>\t\t\t\t\t\t\t\t<\/div>\n\t\t\t\t<div class=\"elementor-element elementor-element-a062cba elementor-widget__width-initial elementor-widget elementor-widget-text-editor\" data-id=\"a062cba\" data-element_type=\"widget\" data-e-type=\"widget\" data-widget_type=\"text-editor.default\">\n\t\t\t\t\t\t\t\t\t<div data-breakout=\"normal\"><p id=\"viewer-xf5pv43829\" class=\"M8rfQ bTSJG bIc1y -Gy9d\" dir=\"auto\"><span class=\"QxcVi\">La Cumbre Internacional de la M\u00fasica, cofundada por Pete Tong en 2007, se ha convertido en el evento m\u00e1s<\/span>para profesionales de la m\u00fasica electr\u00f3nica. Con Ibiza como impresionante tel\u00f3n de fondo, el evento acoge a los mejores DJ, productores, ejecutivos del sector e innovadores para profundizar en el negocio, la cultura y el futuro de la m\u00fasica de baile. IMS es m\u00e1s que una conferencia: es una plataforma para dar forma a la industria y un precursor de las legendarias fiestas de apertura de la isla.<\/p><\/div>\t\t\t\t\t\t\t\t<\/div>\n\t\t\t\t<div class=\"elementor-element elementor-element-7e04483 elementor-widget__width-initial elementor-widget elementor-widget-image\" data-id=\"7e04483\" data-element_type=\"widget\" data-e-type=\"widget\" data-widget_type=\"image.default\">\n\t\t\t\t\t\t\t\t\t\t\t\t\t\t\t<img alt=\"\" fetchpriority=\"high\" decoding=\"async\" width=\"740\" height=\"416\" src=\"https:\/\/oceanbeat.com\/wp-content\/uploads\/2025\/07\/blog-foto-1-allargata.avif\" class=\"attachment-large size-large wp-image-359\" srcset=\"https:\/\/oceanbeat.com\/wp-content\/uploads\/2025\/07\/blog-foto-1-allargata.avif 740w, https:\/\/oceanbeat.com\/wp-content\/uploads\/2025\/07\/blog-foto-1-allargata-300x169.avif 300w, https:\/\/oceanbeat.com\/wp-content\/uploads\/2025\/07\/blog-foto-1-allargata-18x10.avif 18w\" sizes=\"(max-width: 740px) 100vw, 740px\" \/>\t\t\t\t\t\t\t\t\t\t\t\t\t\t\t<\/div>\n\t\t\t\t<div class=\"elementor-element elementor-element-f498d45 elementor-widget__width-initial elementor-widget elementor-widget-text-editor\" data-id=\"f498d45\" data-element_type=\"widget\" data-e-type=\"widget\" data-widget_type=\"text-editor.default\">\n\t\t\t\t\t\t\t\t\t<p>El tema de 2025: Intercambio intergeneracional<\/p>\t\t\t\t\t\t\t\t<\/div>\n\t\t\t\t<div class=\"elementor-element elementor-element-bee7e46 elementor-widget__width-initial elementor-widget elementor-widget-text-editor\" data-id=\"bee7e46\" data-element_type=\"widget\" data-e-type=\"widget\" data-widget_type=\"text-editor.default\">\n\t\t\t\t\t\t\t\t\t<div data-breakout=\"normal\"><p id=\"viewer-fk8z043872\" class=\"M8rfQ bTSJG bIc1y -Gy9d\" dir=\"auto\"><span class=\"QxcVi\">Uno de los aspectos m\u00e1s emocionantes de IMS 2025 es su \u00e9nfasis en el intercambio intergeneracional. El sitio <\/span><span class=\"QxcVi\">La cumbre explorar\u00e1 c\u00f3mo ha evolucionado la m\u00fasica de baile a lo largo de las d\u00e9cadas, reuniendo a iconos como<\/span><span class=\"QxcVi\">Carl Cox, Fatboy Slim y The Chemical Brothers con estrellas emergentes que est\u00e1n redefiniendo el mundo de la m\u00fasica.<\/span><span class=\"QxcVi\">sonido del metro. Se prev\u00e9n debates din\u00e1micos sobre la tutor\u00eda, el papel de la tecnolog\u00eda en la sociedad y la innovaci\u00f3n.<\/span>evoluci\u00f3n de la m\u00fasica, y c\u00f3mo las distintas generaciones pueden aprender unas de otras en una industria que cambia r\u00e1pidamente.<\/p><\/div>\t\t\t\t\t\t\t\t<\/div>\n\t\t\t\t<div class=\"elementor-element elementor-element-3d90b33 elementor-widget__width-initial elementor-widget elementor-widget-text-editor\" data-id=\"3d90b33\" data-element_type=\"widget\" data-e-type=\"widget\" data-widget_type=\"text-editor.default\">\n\t\t\t\t\t\t\t\t\t<p>Oradores principales y mesas redondas<\/p>\t\t\t\t\t\t\t\t<\/div>\n\t\t\t\t<div class=\"elementor-element elementor-element-858e224 elementor-widget__width-initial elementor-widget elementor-widget-text-editor\" data-id=\"858e224\" data-element_type=\"widget\" data-e-type=\"widget\" data-widget_type=\"text-editor.default\">\n\t\t\t\t\t\t\t\t\t<div data-breakout=\"normal\">\n<p id=\"viewer-50nux43974\" class=\"M8rfQ bTSJG bIc1y -Gy9d\" dir=\"auto\"><span class=\"QxcVi\">Cada a\u00f1o, el IMS acoge a algunos de los nombres m\u00e1s influyentes de la m\u00fasica electr\u00f3nica. En 2025, el cartel <\/span>incluye:<\/p>\n<\/div>\t\t\t\t\t\t\t\t<\/div>\n\t\t<div class=\"elementor-element elementor-element-b7a5261 e-grid e-con-full e-con e-child\" data-id=\"b7a5261\" data-element_type=\"container\" data-e-type=\"container\">\n\t\t\t\t<div class=\"elementor-element elementor-element-b6df585 elementor-widget elementor-widget-image\" data-id=\"b6df585\" data-element_type=\"widget\" data-e-type=\"widget\" data-widget_type=\"image.default\">\n\t\t\t\t\t\t\t\t\t\t\t\t\t\t\t<img alt=\"\" decoding=\"async\" width=\"740\" height=\"494\" src=\"https:\/\/oceanbeat.com\/wp-content\/uploads\/2025\/07\/blog-foto-2.avif\" class=\"attachment-large size-large wp-image-360\" srcset=\"https:\/\/oceanbeat.com\/wp-content\/uploads\/2025\/07\/blog-foto-2.avif 740w, https:\/\/oceanbeat.com\/wp-content\/uploads\/2025\/07\/blog-foto-2-300x200.avif 300w, https:\/\/oceanbeat.com\/wp-content\/uploads\/2025\/07\/blog-foto-2-18x12.avif 18w\" sizes=\"(max-width: 740px) 100vw, 740px\" \/>\t\t\t\t\t\t\t\t\t\t\t\t\t\t\t<\/div>\n\t\t\t\t<\/div>\n\t\t\t\t<div class=\"elementor-element elementor-element-aed4480 elementor-widget__width-initial elementor-widget elementor-widget-text-editor\" data-id=\"aed4480\" data-element_type=\"widget\" data-e-type=\"widget\" data-widget_type=\"text-editor.default\">\n\t\t\t\t\t\t\t\t\t<ul>\n<li><span class=\"QxcVi\"><strong>Carl Cox y The Next Gen:<\/strong> Charla con el legendario DJ sobre su legado, <\/span><span class=\"QxcVi\">de sus d\u00e9cadas en la industria y sus consejos para los j\u00f3venes productores.\u00a0<\/span><\/li>\n<\/ul>\n<p>\u00a0<\/p>\n<ul>\n<li><span class=\"QxcVi\"><strong>La IA y el futuro de la m\u00fasica:<\/strong> Explorando c\u00f3mo la inteligencia artificial est\u00e1 revolucionando <\/span><span class=\"QxcVi\">producci\u00f3n, actuaciones en directo y creaci\u00f3n de marcas de artistas.<\/span><\/li>\n<\/ul>\n<p>\u00a0<\/p>\n<ul>\n<li><span class=\"QxcVi\"><strong>Mujeres en la m\u00fasica de baile:<\/strong> Celebrar la creciente presencia de mujeres artistas y <\/span><span class=\"QxcVi\">ejecutivos que lideran el avance de la industria.<\/span><\/li>\n<\/ul>\n<p>\u00a0<\/p>\t\t\t\t\t\t\t\t<\/div>\n\t\t<div class=\"elementor-element elementor-element-92ac744 e-grid e-con-full e-con e-child\" data-id=\"92ac744\" data-element_type=\"container\" data-e-type=\"container\">\n\t\t\t\t<div class=\"elementor-element elementor-element-47ef58f elementor-widget elementor-widget-image\" data-id=\"47ef58f\" data-element_type=\"widget\" data-e-type=\"widget\" data-widget_type=\"image.default\">\n\t\t\t\t\t\t\t\t\t\t\t\t\t\t\t<img alt=\"\" decoding=\"async\" width=\"696\" height=\"464\" src=\"https:\/\/oceanbeat.com\/wp-content\/uploads\/2025\/07\/blog-foto-3.avif\" class=\"attachment-large size-large wp-image-369\" srcset=\"https:\/\/oceanbeat.com\/wp-content\/uploads\/2025\/07\/blog-foto-3.avif 696w, https:\/\/oceanbeat.com\/wp-content\/uploads\/2025\/07\/blog-foto-3-300x200.avif 300w, https:\/\/oceanbeat.com\/wp-content\/uploads\/2025\/07\/blog-foto-3-18x12.avif 18w\" sizes=\"(max-width: 696px) 100vw, 696px\" \/>\t\t\t\t\t\t\t\t\t\t\t\t\t\t\t<\/div>\n\t\t\t\t<\/div>\n\t\t\t\t<div class=\"elementor-element elementor-element-de2df7b elementor-widget__width-initial elementor-widget elementor-widget-text-editor\" data-id=\"de2df7b\" data-element_type=\"widget\" data-e-type=\"widget\" data-widget_type=\"text-editor.default\">\n\t\t\t\t\t\t\t\t\t<div data-breakout=\"normal\"><ul><li id=\"viewer-ik1bb3349\" class=\"M8rfQ bTSJG bIc1y -Gy9d\" dir=\"auto\"><strong>El negocio de los festivales<\/strong>: Un an\u00e1lisis en profundidad de la econom\u00eda de los festivales de m\u00fasica en todo el mundo, con opiniones de los principales promotores de festivales.<\/li><\/ul><\/div>\t\t\t\t\t\t\t\t<\/div>\n\t\t\t\t<div class=\"elementor-element elementor-element-308bb30 elementor-widget__width-initial elementor-widget elementor-widget-text-editor\" data-id=\"308bb30\" data-element_type=\"widget\" data-e-type=\"widget\" data-widget_type=\"text-editor.default\">\n\t\t\t\t\t\t\t\t\t<p>El tema de 2025: Intercambio intergeneracional<\/p>\t\t\t\t\t\t\t\t<\/div>\n\t\t\t\t<div class=\"elementor-element elementor-element-7f368f7 elementor-widget__width-initial elementor-widget elementor-widget-text-editor\" data-id=\"7f368f7\" data-element_type=\"widget\" data-e-type=\"widget\" data-widget_type=\"text-editor.default\">\n\t\t\t\t\t\t\t\t\t<div data-breakout=\"normal\"><p id=\"viewer-jt9zb48911\" class=\"M8rfQ bTSJG bIc1y -Gy9d\" dir=\"auto\"><span class=\"QxcVi\">IMS es el lugar de referencia para establecer contactos en el sector. Tanto si eres un aspirante a DJ en busca de un sello <\/span><span class=\"QxcVi\">o un promotor en busca de nuevos talentos, la cumbre ofrece unas posibilidades inigualables <\/span><span class=\"QxcVi\">oportunidades. Desde sesiones de trabajo en grupos reducidos hasta eventos de networking en azoteas, aqu\u00ed es donde la <\/span>se hacen tratos y las carreras despegan.<\/p><\/div>\t\t\t\t\t\t\t\t<\/div>\n\t\t\t\t<div class=\"elementor-element elementor-element-9e554a0 elementor-widget__width-initial elementor-widget elementor-widget-text-editor\" data-id=\"9e554a0\" data-element_type=\"widget\" data-e-type=\"widget\" data-widget_type=\"text-editor.default\">\n\t\t\t\t\t\t\t\t\t<p>La gran final ic\u00f3nica de IMS - Fiesta en Dalt Vila<\/p>\t\t\t\t\t\t\t\t<\/div>\n\t\t\t\t<div class=\"elementor-element elementor-element-390d598 elementor-widget__width-initial elementor-widget elementor-widget-text-editor\" data-id=\"390d598\" data-element_type=\"widget\" data-e-type=\"widget\" data-widget_type=\"text-editor.default\">\n\t\t\t\t\t\t\t\t\t<div data-breakout=\"normal\"><p id=\"viewer-51ofe45791\" class=\"M8rfQ bTSJG bIc1y -Gy9d\" dir=\"auto\"><span class=\"QxcVi\">Ninguna IMS est\u00e1 completa sin el emblem\u00e1tico acto de clausura en Dalt, declarado Patrimonio de la Humanidad por la UNESCO. <\/span><span class=\"QxcVi\">Vila. Esta impresionante fiesta al aire libre re\u00fane a algunos de los DJ m\u00e1s importantes del mundo para un <\/span>Una noche inolvidable bajo las estrellas, que marca el comienzo oficial de la temporada de verano en Ibiza.<\/p><\/div>\t\t\t\t\t\t\t\t<\/div>\n\t\t<div class=\"elementor-element elementor-element-1e78bdd e-grid e-con-full e-con e-child\" data-id=\"1e78bdd\" data-element_type=\"container\" data-e-type=\"container\">\n\t\t\t\t<div class=\"elementor-element elementor-element-d82484e elementor-widget elementor-widget-image\" data-id=\"d82484e\" data-element_type=\"widget\" data-e-type=\"widget\" data-widget_type=\"image.default\">\n\t\t\t\t\t\t\t\t\t\t\t\t\t\t\t<img alt=\"\" loading=\"lazy\" decoding=\"async\" width=\"740\" height=\"490\" src=\"https:\/\/oceanbeat.com\/wp-content\/uploads\/2025\/07\/blog-foto-4.avif\" class=\"attachment-large size-large wp-image-807\" srcset=\"https:\/\/oceanbeat.com\/wp-content\/uploads\/2025\/07\/blog-foto-4.avif 740w, https:\/\/oceanbeat.com\/wp-content\/uploads\/2025\/07\/blog-foto-4-300x199.avif 300w, https:\/\/oceanbeat.com\/wp-content\/uploads\/2025\/07\/blog-foto-4-18x12.avif 18w\" sizes=\"(max-width: 740px) 100vw, 740px\" \/>\t\t\t\t\t\t\t\t\t\t\t\t\t\t\t<\/div>\n\t\t\t\t<\/div>\n\t\t\t\t<div class=\"elementor-element elementor-element-c4e6bdb elementor-widget__width-initial elementor-widget elementor-widget-text-editor\" data-id=\"c4e6bdb\" data-element_type=\"widget\" data-e-type=\"widget\" data-widget_type=\"text-editor.default\">\n\t\t\t\t\t\t\t\t\t<p>Por qu\u00e9 IMS 2025 es una cita ineludible<\/p>\t\t\t\t\t\t\t\t<\/div>\n\t\t\t\t<div class=\"elementor-element elementor-element-9b0f2a1 elementor-widget__width-initial elementor-widget elementor-widget-text-editor\" data-id=\"9b0f2a1\" data-element_type=\"widget\" data-e-type=\"widget\" data-widget_type=\"text-editor.default\">\n\t\t\t\t\t\t\t\t\t<div data-breakout=\"normal\"><p id=\"viewer-1avg149942\" class=\"M8rfQ bTSJG bIc1y -Gy9d\" dir=\"auto\"><span class=\"QxcVi\">Tanto si es usted artista, manager, profesional del sector o fan incondicional de la m\u00fasica de baile, IMS es el lugar id\u00f3neo. <\/span><span class=\"QxcVi\">el espacio definitivo para absorber conocimientos, conectar con los grandes nombres y experimentar de primera mano <\/span><span class=\"QxcVi\">hacia d\u00f3nde se dirige la industria. Centrada en el intercambio generacional de conocimientos, la edici\u00f3n de este a\u00f1o <\/span>ser\u00e1 una de las m\u00e1s significativas e impactantes de la historia del IMS.<\/p><\/div>\t\t\t\t\t\t\t\t<\/div>\n\t\t\t\t<div class=\"elementor-element elementor-element-015f362 elementor-widget__width-initial elementor-widget elementor-widget-text-editor\" data-id=\"015f362\" data-element_type=\"widget\" data-e-type=\"widget\" data-widget_type=\"text-editor.default\">\n\t\t\t\t\t\t\t\t\t\u00bfEst\u00e1s preparado para formar parte del futuro de la m\u00fasica de baile?\n\u00a1IMS Ibiza 2025 te espera!\t\t\t\t\t\t\t\t<\/div>\n\t\t\t\t\t<\/div>\n\t\t\t\t<\/div>\n\t\t\t\t<\/div>","protected":false},"excerpt":{"rendered":"<p>International Music Summit 2025: The Future of Dance Music Unfolds in Ibiza &#8220;Ibiza\u2019s prestigious International Music Summit (IMS) is back for 2025, once again setting the stage for game-changing conversations, industry networking, and forward-thinking discussions on electronic music. This year\u2019s theme, Intergenerational Exchange, aims to bridge the gap between legendary pioneers and the next wave [&hellip;]<\/p>\n","protected":false},"author":2,"featured_media":346,"comment_status":"open","ping_status":"open","sticky":false,"template":"elementor_header_footer","format":"standard","meta":{"_seopress_robots_primary_cat":"","_seopress_titles_title":"IMS Ibiza 2025: Full Guide to the Conference &amp; Music","_seopress_titles_desc":"Heading to IMS Ibiza 2025? Discover event dates, speakers, music line\u2011up, venues &amp; insider tips to make the most of the conference.","_seopress_robots_index":"","footnotes":""},"categories":[1],"tags":[],"class_list":["post-345","post","type-post","status-publish","format-standard","has-post-thumbnail","hentry","category-uncategorized"],"_links":{"self":[{"href":"https:\/\/oceanbeat.com\/es\/wp-json\/wp\/v2\/posts\/345","targetHints":{"allow":["GET"]}}],"collection":[{"href":"https:\/\/oceanbeat.com\/es\/wp-json\/wp\/v2\/posts"}],"about":[{"href":"https:\/\/oceanbeat.com\/es\/wp-json\/wp\/v2\/types\/post"}],"author":[{"embeddable":true,"href":"https:\/\/oceanbeat.com\/es\/wp-json\/wp\/v2\/users\/2"}],"replies":[{"embeddable":true,"href":"https:\/\/oceanbeat.com\/es\/wp-json\/wp\/v2\/comments?post=345"}],"version-history":[{"count":25,"href":"https:\/\/oceanbeat.com\/es\/wp-json\/wp\/v2\/posts\/345\/revisions"}],"predecessor-version":[{"id":823,"href":"https:\/\/oceanbeat.com\/es\/wp-json\/wp\/v2\/posts\/345\/revisions\/823"}],"wp:featuredmedia":[{"embeddable":true,"href":"https:\/\/oceanbeat.com\/es\/wp-json\/wp\/v2\/media\/346"}],"wp:attachment":[{"href":"https:\/\/oceanbeat.com\/es\/wp-json\/wp\/v2\/media?parent=345"}],"wp:term":[{"taxonomy":"category","embeddable":true,"href":"https:\/\/oceanbeat.com\/es\/wp-json\/wp\/v2\/categories?post=345"},{"taxonomy":"post_tag","embeddable":true,"href":"https:\/\/oceanbeat.com\/es\/wp-json\/wp\/v2\/tags?post=345"}],"curies":[{"name":"wp","href":"https:\/\/api.w.org\/{rel}","templated":true}]}}