{"id":831,"date":"2025-07-21T16:52:02","date_gmt":"2025-07-21T14:52:02","guid":{"rendered":"https:\/\/oceanbeat.com\/?p=831"},"modified":"2026-02-10T06:51:57","modified_gmt":"2026-02-10T05:51:57","slug":"5-maravillas-de-ibiza","status":"publish","type":"post","link":"https:\/\/oceanbeat.com\/es\/2025\/07\/21\/5-wonders-of-ibiza\/","title":{"rendered":"5 maravillas de Ibiza"},"content":{"rendered":"<div data-elementor-type=\"wp-post\" data-elementor-id=\"831\" class=\"elementor elementor-831\" data-elementor-post-type=\"post\">\n\t\t\t\t<div class=\"elementor-element elementor-element-395e6e6 e-flex e-con-boxed e-con e-parent\" data-id=\"395e6e6\" data-element_type=\"container\" data-e-type=\"container\">\n\t\t\t\t\t<div class=\"e-con-inner\">\n\t\t\t\t<div class=\"elementor-element elementor-element-66a293b elementor-widget__width-initial elementor-widget elementor-widget-text-editor\" data-id=\"66a293b\" data-element_type=\"widget\" data-e-type=\"widget\" data-widget_type=\"text-editor.default\">\n\t\t\t\t\t\t\t\t\tHay tantos lugares en Ibiza que son mundialmente famosos, que aparecen en tu mente con s\u00f3lo mencionar Ibiza. Piense en las puestas de sol del Caf\u00e9 Mambo, en bailar toda la noche en Amnesia, en disfrutar de la magia de Es Vedra o en pasear por Dalt Vila (el casco antiguo de Ibiza). Sin embargo, si escarba un poco m\u00e1s, hay mucho m\u00e1s en esta peque\u00f1a isla tan querida por muchos. Eche un vistazo a nuestras 5 Maravillas de Ibiza.\t\t\t\t\t\t\t\t<\/div>\n\t\t\t\t<div class=\"elementor-element elementor-element-495bce2 elementor-widget__width-initial elementor-widget elementor-widget-text-editor\" data-id=\"495bce2\" data-element_type=\"widget\" data-e-type=\"widget\" data-widget_type=\"text-editor.default\">\n\t\t\t\t\t\t\t\t\tHay tantos lugares maravillosos esperando a ser descubiertos. Entre los lujosos lugares VIP, los retiros de salud y bienestar y las famosas opciones de vida nocturna.\n\n\t\t\t\t\t\t\t\t<\/div>\n\t\t\t\t<div class=\"elementor-element elementor-element-02799fc elementor-widget__width-initial elementor-widget elementor-widget-text-editor\" data-id=\"02799fc\" data-element_type=\"widget\" data-e-type=\"widget\" data-widget_type=\"text-editor.default\">\n\t\t\t\t\t\t\t\t\tDiscretamente escondidas, Ibiza cuenta con numerosas joyas ocultas, que resultan a\u00fan m\u00e1s impresionantes cuando uno acaba por encontrarlas.\n\n\t\t\t\t\t\t\t\t<\/div>\n\t\t\t\t<div class=\"elementor-element elementor-element-a25b3a6 elementor-widget__width-initial elementor-widget elementor-widget-text-editor\" data-id=\"a25b3a6\" data-element_type=\"widget\" data-e-type=\"widget\" data-widget_type=\"text-editor.default\">\n\t\t\t\t\t\t\t\t\t\u00bfEn cu\u00e1ntas ha estado?\n\n\t\t\t\t\t\t\t\t<\/div>\n\t\t\t\t<div class=\"elementor-element elementor-element-1771de7 elementor-widget__width-initial elementor-widget elementor-widget-text-editor\" data-id=\"1771de7\" data-element_type=\"widget\" data-e-type=\"widget\" data-widget_type=\"text-editor.default\">\n\t\t\t\t\t\t\t\t\t1. Festival Club - El club abandonado\n\t\t\t\t\t\t\t\t<\/div>\n\t\t\t\t<div class=\"elementor-element elementor-element-87465fb elementor-widget__width-initial elementor-widget elementor-widget-text-editor\" data-id=\"87465fb\" data-element_type=\"widget\" data-e-type=\"widget\" data-widget_type=\"text-editor.default\">\n\t\t\t\t\t\t\t\t\tEn 1969 comenzaron las obras del gran proyecto del Festival Club. Un impresionante recinto musical al aire libre. El club abri\u00f3 sus puertas en 1974. Sin embargo, la crisis del petr\u00f3leo de 1973 provoc\u00f3 el encarecimiento del transporte a\u00e9reo y, en consecuencia, un descenso considerable del turismo. Lamentablemente, el Festival Club tuvo que cerrar sus puertas antes de que pudiera ponerse en marcha.\n\n\t\t\t\t\t\t\t\t<\/div>\n\t\t\t\t<div class=\"elementor-element elementor-element-d5b627d elementor-widget__width-initial elementor-widget elementor-widget-text-editor\" data-id=\"d5b627d\" data-element_type=\"widget\" data-e-type=\"widget\" data-widget_type=\"text-editor.default\">\n\t\t\t\t\t\t\t\t\t<div data-breakout=\"normal\"><p id=\"viewer-7cn4o5771\" class=\"M8rfQ bTSJG bIc1y -Gy9d\" dir=\"auto\"><span class=\"QxcVi\">Desde entonces, la naturaleza ha ido recuperando poco a poco este hermoso local abandonado. Y decorado a conciencia por grafiteros locales. Con una muestra en constante evoluci\u00f3n de obras de arte impresionantes (y otras no tanto).<\/span><\/p><\/div>\t\t\t\t\t\t\t\t<\/div>\n\t\t\t\t<div class=\"elementor-element elementor-element-db9ce2e elementor-widget__width-initial elementor-widget elementor-widget-text-editor\" data-id=\"db9ce2e\" data-element_type=\"widget\" data-e-type=\"widget\" data-widget_type=\"text-editor.default\">\n\t\t\t\t\t\t\t\t\tEsta primera de nuestras maravillas de Ibiza es de f\u00e1cil acceso y bien merece una visita. Imag\u00ednate lo incre\u00edble que debi\u00f3 ser durante los pocos a\u00f1os que estuvo abierta. \t\t\t\t\t\t\t\t<\/div>\n\t\t\t\t<div class=\"elementor-element elementor-element-4ee8cae elementor-widget__width-initial elementor-widget elementor-widget-text-editor\" data-id=\"4ee8cae\" data-element_type=\"widget\" data-e-type=\"widget\" data-widget_type=\"text-editor.default\">\n\t\t\t\t\t\t\t\t\tC\u00f3mo llegar al Festival Club:\n\t\t\t\t\t\t\t\t<\/div>\n\t\t<div class=\"elementor-element elementor-element-469651e e-con-full e-flex e-con e-child\" data-id=\"469651e\" data-element_type=\"container\" data-e-type=\"container\">\n\t\t\t\t<div class=\"elementor-element elementor-element-1895b84 elementor-widget elementor-widget-image\" data-id=\"1895b84\" data-element_type=\"widget\" data-e-type=\"widget\" data-widget_type=\"image.default\">\n\t\t\t\t\t\t\t\t\t\t\t\t\t\t\t<img alt=\"\" fetchpriority=\"high\" decoding=\"async\" width=\"640\" height=\"427\" src=\"https:\/\/oceanbeat.com\/wp-content\/uploads\/2025\/07\/da4abe_047d85b9f0d042c5b462cf013bc63058mv2.webp\" class=\"attachment-large size-large wp-image-835\" srcset=\"https:\/\/oceanbeat.com\/wp-content\/uploads\/2025\/07\/da4abe_047d85b9f0d042c5b462cf013bc63058mv2.webp 640w, https:\/\/oceanbeat.com\/wp-content\/uploads\/2025\/07\/da4abe_047d85b9f0d042c5b462cf013bc63058mv2-300x200.webp 300w, https:\/\/oceanbeat.com\/wp-content\/uploads\/2025\/07\/da4abe_047d85b9f0d042c5b462cf013bc63058mv2-18x12.webp 18w\" sizes=\"(max-width: 640px) 100vw, 640px\" \/>\t\t\t\t\t\t\t\t\t\t\t\t\t\t\t<\/div>\n\t\t\t\t<div class=\"elementor-element elementor-element-af2fc9e elementor-widget elementor-widget-image\" data-id=\"af2fc9e\" data-element_type=\"widget\" data-e-type=\"widget\" data-widget_type=\"image.default\">\n\t\t\t\t\t\t\t\t\t\t\t\t\t\t\t<img alt=\"\" decoding=\"async\" width=\"500\" height=\"342\" src=\"https:\/\/oceanbeat.com\/wp-content\/uploads\/2025\/07\/da4abe_022328b704fb4d97897ee0176d4c0203mv2.webp\" class=\"attachment-large size-large wp-image-776\" srcset=\"https:\/\/oceanbeat.com\/wp-content\/uploads\/2025\/07\/da4abe_022328b704fb4d97897ee0176d4c0203mv2.webp 500w, https:\/\/oceanbeat.com\/wp-content\/uploads\/2025\/07\/da4abe_022328b704fb4d97897ee0176d4c0203mv2-300x205.webp 300w, https:\/\/oceanbeat.com\/wp-content\/uploads\/2025\/07\/da4abe_022328b704fb4d97897ee0176d4c0203mv2-18x12.webp 18w\" sizes=\"(max-width: 500px) 100vw, 500px\" \/>\t\t\t\t\t\t\t\t\t\t\t\t\t\t\t<\/div>\n\t\t\t\t<\/div>\n\t\t\t\t<div class=\"elementor-element elementor-element-75f5af0 elementor-widget__width-initial elementor-widget elementor-widget-text-editor\" data-id=\"75f5af0\" data-element_type=\"widget\" data-e-type=\"widget\" data-widget_type=\"text-editor.default\">\n\t\t\t\t\t\t\t\t\t2. Sa Caleta\t\t\t\t\t\t\t\t<\/div>\n\t\t\t\t<div class=\"elementor-element elementor-element-f9f7429 elementor-widget__width-initial elementor-widget elementor-widget-text-editor\" data-id=\"f9f7429\" data-element_type=\"widget\" data-e-type=\"widget\" data-widget_type=\"text-editor.default\">\n\t\t\t\t\t\t\t\t\tConsigue tres por el precio de uno con nuestro segundo candidato a Maravilla de Ibiza. \t\t\t\t\t\t\t\t<\/div>\n\t\t\t\t<div class=\"elementor-element elementor-element-c8437cb elementor-widget__width-initial elementor-widget elementor-widget-text-editor\" data-id=\"c8437cb\" data-element_type=\"widget\" data-e-type=\"widget\" data-widget_type=\"text-editor.default\">\n\t\t\t\t\t\t\t\t\tEn los acantilados cercanos a la popular playa de Sa Caleta, encontrar\u00e1 algunos fuertes militares recientemente bien restaurados. Y lo que es m\u00e1s emocionante, \u00a1tambi\u00e9n se puede entrar en ellos! Los fuertes se colocaron aqu\u00ed durante la Guerra Civil espa\u00f1ola como mirador, con los ojos puestos en el aeropuerto de la isla. Las vistas de Salinas y el aeropuerto son fant\u00e1sticas.\n\n\t\t\t\t\t\t\t\t<\/div>\n\t\t\t\t<div class=\"elementor-element elementor-element-6af4b55 elementor-widget__width-initial elementor-widget elementor-widget-text-editor\" data-id=\"6af4b55\" data-element_type=\"widget\" data-e-type=\"widget\" data-widget_type=\"text-editor.default\">\n\t\t\t\t\t\t\t\t\tSa Caleta es tambi\u00e9n la cuna de la deliciosa bebida Caf\u00e9 Caleta. Todo el mundo reconoce las Hierbas como la bebida local de la isla, pero si tiene la oportunidad pruebe el \"Caf\u00e9 Caleta\". \n\n\t\t\t\t\t\t\t\t<\/div>\n\t\t\t\t<div class=\"elementor-element elementor-element-9d4f56c elementor-widget__width-initial elementor-widget elementor-widget-text-editor\" data-id=\"9d4f56c\" data-element_type=\"widget\" data-e-type=\"widget\" data-widget_type=\"text-editor.default\">\n\t\t\t\t\t\t\t\t\tCuenta la leyenda que la bebida tiene su origen en los pescadores de la bah\u00eda de Sa Caleta. La idea era que animaran a los monjes del cercano monasterio de Es Cubells a brindar con ellos, sin saber que estaban bebiendo alcohol. El Caf\u00e9 Caleta es caf\u00e9 mezclado con whisky y ron, sazonado con canela en rama y c\u00edtricos, y finalmente cargado de az\u00facar. Es peligrosamente f\u00e1cil de beber... \n\n\t\t\t\t\t\t\t\t<\/div>\n\t\t\t\t<div class=\"elementor-element elementor-element-625e846 elementor-widget__width-initial elementor-widget elementor-widget-text-editor\" data-id=\"625e846\" data-element_type=\"widget\" data-e-type=\"widget\" data-widget_type=\"text-editor.default\">\n\t\t\t\t\t\t\t\t\tEl vi\u00f1edo local Can Rich tiene una maravillosa versi\u00f3n de esta bebida en su colecci\u00f3n.\n\n\t\t\t\t\t\t\t\t<\/div>\n\t\t\t\t<div class=\"elementor-element elementor-element-1b508fc elementor-widget__width-initial elementor-widget elementor-widget-text-editor\" data-id=\"1b508fc\" data-element_type=\"widget\" data-e-type=\"widget\" data-widget_type=\"text-editor.default\">\n\t\t\t\t\t\t\t\t\t<p>C\u00f3mo llegar al Festival Club:<\/p>\t\t\t\t\t\t\t\t<\/div>\n\t\t\t\t<div class=\"elementor-element elementor-element-335bf57 elementor-widget__width-initial elementor-widget elementor-widget-text-editor\" data-id=\"335bf57\" data-element_type=\"widget\" data-e-type=\"widget\" data-widget_type=\"text-editor.default\">\n\t\t\t\t\t\t\t\t\tC\u00f3mo encontrar las Maravillas de Sa Caleta.\n\t\t\t\t\t\t\t\t<\/div>\n\t\t\t\t<div class=\"elementor-element elementor-element-b6fc88f elementor-widget__width-initial elementor-widget elementor-widget-text-editor\" data-id=\"b6fc88f\" data-element_type=\"widget\" data-e-type=\"widget\" data-widget_type=\"text-editor.default\">\n\t\t\t\t\t\t\t\t\tDir\u00edgete a la playa de Sa Caleta, sigue el camino a la izquierda de la playa (seg\u00fan miras al mar) podr\u00e1s encontrar f\u00e1cilmente estas \"maravillas\".\n\n\t\t\t\t\t\t\t\t<\/div>\n\t\t<div class=\"elementor-element elementor-element-3b948f3 e-con-full e-flex e-con e-child\" data-id=\"3b948f3\" data-element_type=\"container\" data-e-type=\"container\">\n\t\t\t\t<div class=\"elementor-element elementor-element-7d049e3 elementor-widget elementor-widget-image\" data-id=\"7d049e3\" data-element_type=\"widget\" data-e-type=\"widget\" data-widget_type=\"image.default\">\n\t\t\t\t\t\t\t\t\t\t\t\t\t\t\t<img alt=\"\" decoding=\"async\" width=\"640\" height=\"427\" src=\"https:\/\/oceanbeat.com\/wp-content\/uploads\/2025\/07\/da4abe_64d93dccdd214afd994764319262d1bfmv2.webp\" class=\"attachment-large size-large wp-image-838\" srcset=\"https:\/\/oceanbeat.com\/wp-content\/uploads\/2025\/07\/da4abe_64d93dccdd214afd994764319262d1bfmv2.webp 640w, https:\/\/oceanbeat.com\/wp-content\/uploads\/2025\/07\/da4abe_64d93dccdd214afd994764319262d1bfmv2-300x200.webp 300w, https:\/\/oceanbeat.com\/wp-content\/uploads\/2025\/07\/da4abe_64d93dccdd214afd994764319262d1bfmv2-18x12.webp 18w\" sizes=\"(max-width: 640px) 100vw, 640px\" \/>\t\t\t\t\t\t\t\t\t\t\t\t\t\t\t<\/div>\n\t\t\t\t<div class=\"elementor-element elementor-element-aa6a7dd elementor-widget elementor-widget-image\" data-id=\"aa6a7dd\" data-element_type=\"widget\" data-e-type=\"widget\" data-widget_type=\"image.default\">\n\t\t\t\t\t\t\t\t\t\t\t\t\t\t\t<img alt=\"\" loading=\"lazy\" decoding=\"async\" width=\"480\" height=\"640\" src=\"https:\/\/oceanbeat.com\/wp-content\/uploads\/2025\/07\/da4abe_4c384358b41a4d9ab757e7e50d308fa7mv2.webp\" class=\"attachment-large size-large wp-image-839\" srcset=\"https:\/\/oceanbeat.com\/wp-content\/uploads\/2025\/07\/da4abe_4c384358b41a4d9ab757e7e50d308fa7mv2.webp 480w, https:\/\/oceanbeat.com\/wp-content\/uploads\/2025\/07\/da4abe_4c384358b41a4d9ab757e7e50d308fa7mv2-225x300.webp 225w, https:\/\/oceanbeat.com\/wp-content\/uploads\/2025\/07\/da4abe_4c384358b41a4d9ab757e7e50d308fa7mv2-9x12.webp 9w\" sizes=\"(max-width: 480px) 100vw, 480px\" \/>\t\t\t\t\t\t\t\t\t\t\t\t\t\t\t<\/div>\n\t\t\t\t<\/div>\n\t\t\t\t<div class=\"elementor-element elementor-element-7d3358c elementor-widget__width-initial elementor-widget elementor-widget-text-editor\" data-id=\"7d3358c\" data-element_type=\"widget\" data-e-type=\"widget\" data-widget_type=\"text-editor.default\">\n\t\t\t\t\t\t\t\t\t3. Cala d'en Serra\n\t\t\t\t\t\t\t\t<\/div>\n\t\t\t\t<div class=\"elementor-element elementor-element-e306a52 elementor-widget__width-initial elementor-widget elementor-widget-text-editor\" data-id=\"e306a52\" data-element_type=\"widget\" data-e-type=\"widget\" data-widget_type=\"text-editor.default\">\n\t\t\t\t\t\t\t\t\tAl igual que nuestra primera opci\u00f3n Maravillas de Ibiza, aqu\u00ed tiene otro proyecto abandonado que bien merece una visita. Detr\u00e1s de la playa de Cala d'en Serra, encontrar\u00e1 un complejo hotelero de lujo a medio terminar. Fotografiado por todos los exploradores en ciernes de la isla, debido a algunos grafitis maravillosamente creativos. \n\n\t\t\t\t\t\t\t\t<\/div>\n\t\t\t\t<div class=\"elementor-element elementor-element-29b4473 elementor-widget__width-initial elementor-widget elementor-widget-text-editor\" data-id=\"29b4473\" data-element_type=\"widget\" data-e-type=\"widget\" data-widget_type=\"text-editor.default\">\n\t\t\t\t\t\t\t\t\tLas obras de este complejo hotelero de lujo comenzaron en 1969 de la mano de un aclamado arquitecto, Josep Lluis Sert. En aquella \u00e9poca estaba exiliado en Estados Unidos. Por ello, debido a su estatus, no pudo ser acreditado como arquitecto del proyecto. A pesar de sus intentos, el proyecto qued\u00f3 en suspenso y se abandon\u00f3 por completo tras la muerte de Sert en 1983. \n\n\t\t\t\t\t\t\t\t<\/div>\n\t\t\t\t<div class=\"elementor-element elementor-element-5a0e954 elementor-widget__width-initial elementor-widget elementor-widget-text-editor\" data-id=\"5a0e954\" data-element_type=\"widget\" data-e-type=\"widget\" data-widget_type=\"text-editor.default\">\n\t\t\t\t\t\t\t\t\tHa habido muchos planes contradictorios sobre lo que deber\u00eda ocurrir con este proyecto a medio terminar. Algunos dicen que es un adefesio que deber\u00eda derribarse para recuperar la belleza natural de la cala d'en Serra. Otros sostienen que se trata de una importante obra del patrimonio cultural. Se elaboraron planes para completar el complejo, en un estilo que simpatiza con el dise\u00f1o original de Sert. Sin embargo, debido al declive de la econom\u00eda tur\u00edstica de la isla a principios de la d\u00e9cada de 2000, esto tampoco se llev\u00f3 a cabo.\n\n\t\t\t\t\t\t\t\t<\/div>\n\t\t\t\t<div class=\"elementor-element elementor-element-daa7b81 elementor-widget__width-initial elementor-widget elementor-widget-text-editor\" data-id=\"daa7b81\" data-element_type=\"widget\" data-e-type=\"widget\" data-widget_type=\"text-editor.default\">\n\t\t\t\t\t\t\t\t\tC\u00f3mo llegar a Cala d'en Serra\n\t\t\t\t\t\t\t\t<\/div>\n\t\t<div class=\"elementor-element elementor-element-deeca9a e-con-full e-flex e-con e-child\" data-id=\"deeca9a\" data-element_type=\"container\" data-e-type=\"container\">\n\t\t\t\t<div class=\"elementor-element elementor-element-1362c8d elementor-widget elementor-widget-image\" data-id=\"1362c8d\" data-element_type=\"widget\" data-e-type=\"widget\" data-widget_type=\"image.default\">\n\t\t\t\t\t\t\t\t\t\t\t\t\t\t\t<img alt=\"\" loading=\"lazy\" decoding=\"async\" width=\"640\" height=\"640\" src=\"https:\/\/oceanbeat.com\/wp-content\/uploads\/2025\/07\/da4abe_84e40758c1d941ea947fe8dbd5abd56bmv2.webp\" class=\"attachment-large size-large wp-image-840\" srcset=\"https:\/\/oceanbeat.com\/wp-content\/uploads\/2025\/07\/da4abe_84e40758c1d941ea947fe8dbd5abd56bmv2.webp 640w, https:\/\/oceanbeat.com\/wp-content\/uploads\/2025\/07\/da4abe_84e40758c1d941ea947fe8dbd5abd56bmv2-300x300.webp 300w, https:\/\/oceanbeat.com\/wp-content\/uploads\/2025\/07\/da4abe_84e40758c1d941ea947fe8dbd5abd56bmv2-150x150.webp 150w, https:\/\/oceanbeat.com\/wp-content\/uploads\/2025\/07\/da4abe_84e40758c1d941ea947fe8dbd5abd56bmv2-12x12.webp 12w\" sizes=\"(max-width: 640px) 100vw, 640px\" \/>\t\t\t\t\t\t\t\t\t\t\t\t\t\t\t<\/div>\n\t\t\t\t<div class=\"elementor-element elementor-element-09ddfd8 elementor-widget elementor-widget-image\" data-id=\"09ddfd8\" data-element_type=\"widget\" data-e-type=\"widget\" data-widget_type=\"image.default\">\n\t\t\t\t\t\t\t\t\t\t\t\t\t\t\t<img alt=\"\" loading=\"lazy\" decoding=\"async\" width=\"640\" height=\"480\" src=\"https:\/\/oceanbeat.com\/wp-content\/uploads\/2025\/07\/da4abe_21b2329ff95b411ea6929e04429b1675mv2.webp\" class=\"attachment-large size-large wp-image-841\" srcset=\"https:\/\/oceanbeat.com\/wp-content\/uploads\/2025\/07\/da4abe_21b2329ff95b411ea6929e04429b1675mv2.webp 640w, https:\/\/oceanbeat.com\/wp-content\/uploads\/2025\/07\/da4abe_21b2329ff95b411ea6929e04429b1675mv2-300x225.webp 300w, https:\/\/oceanbeat.com\/wp-content\/uploads\/2025\/07\/da4abe_21b2329ff95b411ea6929e04429b1675mv2-16x12.webp 16w\" sizes=\"(max-width: 640px) 100vw, 640px\" \/>\t\t\t\t\t\t\t\t\t\t\t\t\t\t\t<\/div>\n\t\t\t\t<\/div>\n\t\t\t\t<div class=\"elementor-element elementor-element-1d373fd elementor-widget__width-initial elementor-widget elementor-widget-text-editor\" data-id=\"1d373fd\" data-element_type=\"widget\" data-e-type=\"widget\" data-widget_type=\"text-editor.default\">\n\t\t\t\t\t\t\t\t\t4. Atlantis\t\t\t\t\t\t\t\t<\/div>\n\t\t\t\t<div class=\"elementor-element elementor-element-9066cc1 elementor-widget__width-initial elementor-widget elementor-widget-text-editor\" data-id=\"9066cc1\" data-element_type=\"widget\" data-e-type=\"widget\" data-widget_type=\"text-editor.default\">\n\t\t\t\t\t\t\t\t\tEste lugar m\u00e1gico es probablemente nuestra Maravilla de Ibiza m\u00e1s dif\u00edcil de disfrutar. Se trata de una larga y empinada bajada (\u00a1y luego vuelta a subir!). Pero merece la pena. Sa Pedera de Cala d'Hort es el verdadero nombre de Atlantis. S\u00f3lo fue bautizada como \"Atlantis\" en la d\u00e9cada de 1960 por los hippies en honor a la m\u00edtica ciudad hundida.\n\n\t\t\t\t\t\t\t\t<\/div>\n\t\t\t\t<div class=\"elementor-element elementor-element-133d46d elementor-widget__width-initial elementor-widget elementor-widget-text-editor\" data-id=\"133d46d\" data-element_type=\"widget\" data-e-type=\"widget\" data-widget_type=\"text-editor.default\">\n\t\t\t\t\t\t\t\t\tEn su d\u00eda fue una cantera de arenisca. Se cortaban bloques y se utilizaban como material de construcci\u00f3n. Luego se transportaban a las ciudades cercanas y se utilizaban, entre otras cosas, para construir las murallas de Dalt Vila. Esto es lo que da al paisaje su extra\u00f1a forma asim\u00e9trica. La piscina natural de agua de mar es muy agradable para nadar, aunque un poco picante en verano. Adem\u00e1s, hay un mont\u00f3n de tallas de arenisca interesantes para disfrutar.\n\n\t\t\t\t\t\t\t\t<\/div>\n\t\t\t\t<div class=\"elementor-element elementor-element-6f71f73 elementor-widget__width-initial elementor-widget elementor-widget-text-editor\" data-id=\"6f71f73\" data-element_type=\"widget\" data-e-type=\"widget\" data-widget_type=\"text-editor.default\">\n\t\t\t\t\t\t\t\t\t<p>No hay un camino fijo hacia Atlantis, todos los senderos llevan hacia abajo por diversas rutas. Sin embargo, le recomendamos que se dirija al lado derecho al comienzo del descenso. Aproximadamente a mitad de camino se encontrar\u00e1 con una meseta tranquila. Aqu\u00ed encontrar\u00e1 una especie de cueva con una hermosa pintura del \"Buda de la Atl\u00e1ntida\". Pintado por un artista japon\u00e9s en la d\u00e9cada de 1970.<\/p>\t\t\t\t\t\t\t\t<\/div>\n\t\t\t\t<div class=\"elementor-element elementor-element-60bca4e elementor-widget__width-initial elementor-widget elementor-widget-text-editor\" data-id=\"60bca4e\" data-element_type=\"widget\" data-e-type=\"widget\" data-widget_type=\"text-editor.default\">\n\t\t\t\t\t\t\t\t\tAunque hace poco unos individuos descarriados pintaron con spray un grafiti sobre esta significativa obra de arte. Afortunadamente, en esta ocasi\u00f3n la historia tiene un final feliz. Al descubrir el acto vand\u00e1lico, algunos lugare\u00f1os de buen coraz\u00f3n restauraron la pintura para devolverle su antiguo esplendor. Si decide visitar Atlantis y todo lo que hay que ver aqu\u00ed. Le recomendamos que lleve calzado c\u00f3modo y agua.\n\n\t\t\t\t\t\t\t\t<\/div>\n\t\t\t\t<div class=\"elementor-element elementor-element-178be34 elementor-widget__width-initial elementor-widget elementor-widget-text-editor\" data-id=\"178be34\" data-element_type=\"widget\" data-e-type=\"widget\" data-widget_type=\"text-editor.default\">\n\t\t\t\t\t\t\t\t\tC\u00f3mo encontrar Atlantis\n\t\t\t\t\t\t\t\t<\/div>\n\t\t\t\t<div class=\"elementor-element elementor-element-338379b elementor-widget__width-initial elementor-widget elementor-widget-text-editor\" data-id=\"338379b\" data-element_type=\"widget\" data-e-type=\"widget\" data-widget_type=\"text-editor.default\">\n\t\t\t\t\t\t\t\t\tDir\u00edjase al aparcamiento del Mirador de Es Vedra. Despu\u00e9s del aparcamiento, gire a la izquierda. Encontrar\u00e1 un c\u00edrculo de piedras que marca el inicio del descenso a Atlantis.\n\n\t\t\t\t\t\t\t\t<\/div>\n\t\t\t\t<div class=\"elementor-element elementor-element-1ee7c5d elementor-widget__width-initial elementor-widget elementor-widget-text-editor\" data-id=\"1ee7c5d\" data-element_type=\"widget\" data-e-type=\"widget\" data-widget_type=\"text-editor.default\">\n\t\t\t\t\t\t\t\t\t*No deje objetos de valor en el coche, lamentablemente los ladrones act\u00faan en esta zona.\n\t\t\t\t\t\t\t\t<\/div>\n\t\t<div class=\"elementor-element elementor-element-2fdb4a5 e-con-full e-flex e-con e-child\" data-id=\"2fdb4a5\" data-element_type=\"container\" data-e-type=\"container\">\n\t\t\t\t<div class=\"elementor-element elementor-element-a3b4652 elementor-widget elementor-widget-image\" data-id=\"a3b4652\" data-element_type=\"widget\" data-e-type=\"widget\" data-widget_type=\"image.default\">\n\t\t\t\t\t\t\t\t\t\t\t\t\t\t\t<img alt=\"\" loading=\"lazy\" decoding=\"async\" width=\"480\" height=\"640\" src=\"https:\/\/oceanbeat.com\/wp-content\/uploads\/2025\/07\/da4abe_f7801052b5a74d5eb6ad87430a489bddmv2.webp\" class=\"attachment-large size-large wp-image-844\" srcset=\"https:\/\/oceanbeat.com\/wp-content\/uploads\/2025\/07\/da4abe_f7801052b5a74d5eb6ad87430a489bddmv2.webp 480w, https:\/\/oceanbeat.com\/wp-content\/uploads\/2025\/07\/da4abe_f7801052b5a74d5eb6ad87430a489bddmv2-225x300.webp 225w, https:\/\/oceanbeat.com\/wp-content\/uploads\/2025\/07\/da4abe_f7801052b5a74d5eb6ad87430a489bddmv2-9x12.webp 9w\" sizes=\"(max-width: 480px) 100vw, 480px\" \/>\t\t\t\t\t\t\t\t\t\t\t\t\t\t\t<\/div>\n\t\t\t\t<div class=\"elementor-element elementor-element-e0777ed elementor-widget elementor-widget-image\" data-id=\"e0777ed\" data-element_type=\"widget\" data-e-type=\"widget\" data-widget_type=\"image.default\">\n\t\t\t\t\t\t\t\t\t\t\t\t\t\t\t<img alt=\"\" loading=\"lazy\" decoding=\"async\" width=\"800\" height=\"536\" src=\"https:\/\/oceanbeat.com\/wp-content\/uploads\/2025\/07\/da4abe_e05262eab0e14cdb9e17b2203a2b2afcmv2.webp\" class=\"attachment-large size-large wp-image-845\" srcset=\"https:\/\/oceanbeat.com\/wp-content\/uploads\/2025\/07\/da4abe_e05262eab0e14cdb9e17b2203a2b2afcmv2.webp 800w, https:\/\/oceanbeat.com\/wp-content\/uploads\/2025\/07\/da4abe_e05262eab0e14cdb9e17b2203a2b2afcmv2-300x201.webp 300w, https:\/\/oceanbeat.com\/wp-content\/uploads\/2025\/07\/da4abe_e05262eab0e14cdb9e17b2203a2b2afcmv2-768x515.webp 768w, https:\/\/oceanbeat.com\/wp-content\/uploads\/2025\/07\/da4abe_e05262eab0e14cdb9e17b2203a2b2afcmv2-18x12.webp 18w\" sizes=\"(max-width: 800px) 100vw, 800px\" \/>\t\t\t\t\t\t\t\t\t\t\t\t\t\t\t<\/div>\n\t\t\t\t<\/div>\n\t\t\t\t<div class=\"elementor-element elementor-element-6463204 elementor-widget__width-initial elementor-widget elementor-widget-text-editor\" data-id=\"6463204\" data-element_type=\"widget\" data-e-type=\"widget\" data-widget_type=\"text-editor.default\">\n\t\t\t\t\t\t\t\t\t5. Caza del cristal, cerca de Portinatx\n\t\t\t\t\t\t\t\t<\/div>\n\t\t\t\t<div class=\"elementor-element elementor-element-a649144 elementor-widget__width-initial elementor-widget elementor-widget-text-editor\" data-id=\"a649144\" data-element_type=\"widget\" data-e-type=\"widget\" data-widget_type=\"text-editor.default\">\n\t\t\t\t\t\t\t\t\tNo creo que nadie discuta que Ibiza tiene algo especial. Un \"algo\" indescriptible que se siente al bajar del avi\u00f3n. Algo que te hace volver a la isla una y otra vez.\n\n\t\t\t\t\t\t\t\t<\/div>\n\t\t\t\t<div class=\"elementor-element elementor-element-a08e68c elementor-widget__width-initial elementor-widget elementor-widget-text-editor\" data-id=\"a08e68c\" data-element_type=\"widget\" data-e-type=\"widget\" data-widget_type=\"text-editor.default\">\n\t\t\t\t\t\t\t\t\tHe reflexionado mucho sobre esto a lo largo de los a\u00f1os. Y creo que hay algunos factores que contribuyen...\n\n\t\t\t\t\t\t\t\t<\/div>\n\t\t\t\t<div class=\"elementor-element elementor-element-bb0d757 elementor-widget__width-initial elementor-widget elementor-widget-text-editor\" data-id=\"bb0d757\" data-element_type=\"widget\" data-e-type=\"widget\" data-widget_type=\"text-editor.default\">\n\t\t\t\t\t\t\t\t\tPodr\u00eda deberse a que Ibiza est\u00e1 formada en gran parte por cristales de cuarzo transparente. El cuarzo claro, tambi\u00e9n conocido como cuarzo cristal o cristal de roca, tiene muchas propiedades curativas y se le conoce como el \"maestro sanador\". Tambi\u00e9n se dice que el cuarzo transparente aumenta la energ\u00eda, la claridad, la calma y la armon\u00eda, adem\u00e1s de las propiedades curativas antes mencionadas. No s\u00f3lo atrae todas estas maravillosas propiedades, sino que tambi\u00e9n se dice que aleja las energ\u00edas negativas de todo tipo. Todos salimos ganando.\n\n\t\t\t\t\t\t\t\t<\/div>\n\t\t\t\t<div class=\"elementor-element elementor-element-3dd9fa0 elementor-widget__width-initial elementor-widget elementor-widget-text-editor\" data-id=\"3dd9fa0\" data-element_type=\"widget\" data-e-type=\"widget\" data-widget_type=\"text-editor.default\">\n\t\t\t\t\t\t\t\t\tPor supuesto, otros factores que deben mencionarse son las propiedades magn\u00e9ticas de la famosa Es Vedra, de la que se dice que es el tercer punto m\u00e1s magn\u00e9tico de la Tierra. Los mitos y leyendas en torno a la vecina Atl\u00e1ntida (v\u00e9ase nuestra anterior Maravilla de Ibiza). Y los poderes rom\u00e1nticos de la diosa Tanit.\n\n\t\t\t\t\t\t\t\t<\/div>\n\t\t\t\t<div class=\"elementor-element elementor-element-5add116 elementor-widget__width-initial elementor-widget elementor-widget-text-editor\" data-id=\"5add116\" data-element_type=\"widget\" data-e-type=\"widget\" data-widget_type=\"text-editor.default\">\n\t\t\t\t\t\t\t\t\tAdem\u00e1s de los 300 d\u00edas de sol, las m\u00e1s de 80 hermosas playas y el ambiente de \"todo vale\" de la isla.\n\n\t\t\t\t\t\t\t\t<\/div>\n\t\t\t\t<div class=\"elementor-element elementor-element-f7eaddd elementor-widget__width-initial elementor-widget elementor-widget-text-editor\" data-id=\"f7eaddd\" data-element_type=\"widget\" data-e-type=\"widget\" data-widget_type=\"text-editor.default\">\n\t\t\t\t\t\t\t\t\tC\u00f3mo encontrar Crystal Beach:\n\t\t\t\t\t\t\t\t<\/div>\n\t\t\t\t<div class=\"elementor-element elementor-element-0c80daa elementor-widget__width-initial elementor-widget elementor-widget-text-editor\" data-id=\"0c80daa\" data-element_type=\"widget\" data-e-type=\"widget\" data-widget_type=\"text-editor.default\">\n\t\t\t\t\t\t\t\t\tSi se dirige a Portinatx, tome el encantador paseo costero desde la playa m\u00e1s oriental de la localidad. Entonces se dirigir\u00e1 hacia el impresionante Faro de Portinatx (Faro Moscarter). Despu\u00e9s del faro, siga un poco m\u00e1s la costa. Finalmente, se llega a un peque\u00f1o valle cerca de la orilla del agua. \n\n\t\t\t\t\t\t\t\t<\/div>\n\t\t\t\t<div class=\"elementor-element elementor-element-44438fd elementor-widget__width-initial elementor-widget elementor-widget-text-editor\" data-id=\"44438fd\" data-element_type=\"widget\" data-e-type=\"widget\" data-widget_type=\"text-editor.default\">\n\t\t\t\t\t\t\t\t\t<p>Si se dirige a Portinatx, tome el encantador paseo costero desde la playa m\u00e1s oriental de la localidad. Entonces se dirigir\u00e1 hacia el impresionante Faro de Portinatx (Faro Moscarter). Despu\u00e9s del faro, siga un poco m\u00e1s la costa. Finalmente, se llega a un peque\u00f1o valle cerca de la orilla del agua.<\/p>\t\t\t\t\t\t\t\t<\/div>\n\t\t\t\t<div class=\"elementor-element elementor-element-7702c0b elementor-widget__width-initial elementor-widget elementor-widget-text-editor\" data-id=\"7702c0b\" data-element_type=\"widget\" data-e-type=\"widget\" data-widget_type=\"text-editor.default\">\n\t\t\t\t\t\t\t\t\tSi contin\u00faa este paseo por el sendero que atraviesa el peque\u00f1o valle, llegar\u00e1 a una peque\u00f1a playa de pedales, un lugar perfecto para hacer un picnic. Este hermoso paseo es apto para todos los niveles, pero como siempre aseg\u00farese de llevar suficiente agua y calzado c\u00f3modo.\n\n\t\t\t\t\t\t\t\t<\/div>\n\t\t<div class=\"elementor-element elementor-element-076947c e-con-full e-flex e-con e-child\" data-id=\"076947c\" data-element_type=\"container\" data-e-type=\"container\">\n\t\t\t\t<div class=\"elementor-element elementor-element-fd0f979 elementor-widget elementor-widget-image\" data-id=\"fd0f979\" data-element_type=\"widget\" data-e-type=\"widget\" data-widget_type=\"image.default\">\n\t\t\t\t\t\t\t\t\t\t\t\t\t\t\t<img alt=\"\" loading=\"lazy\" decoding=\"async\" width=\"800\" height=\"721\" src=\"https:\/\/oceanbeat.com\/wp-content\/uploads\/2025\/07\/da4abe_3fec38b7a8614c59b231c53935255103mv2.webp\" class=\"attachment-large size-large wp-image-854\" srcset=\"https:\/\/oceanbeat.com\/wp-content\/uploads\/2025\/07\/da4abe_3fec38b7a8614c59b231c53935255103mv2.webp 830w, https:\/\/oceanbeat.com\/wp-content\/uploads\/2025\/07\/da4abe_3fec38b7a8614c59b231c53935255103mv2-300x270.webp 300w, https:\/\/oceanbeat.com\/wp-content\/uploads\/2025\/07\/da4abe_3fec38b7a8614c59b231c53935255103mv2-768x692.webp 768w, https:\/\/oceanbeat.com\/wp-content\/uploads\/2025\/07\/da4abe_3fec38b7a8614c59b231c53935255103mv2-13x12.webp 13w\" sizes=\"(max-width: 800px) 100vw, 800px\" \/>\t\t\t\t\t\t\t\t\t\t\t\t\t\t\t<\/div>\n\t\t\t\t<div class=\"elementor-element elementor-element-66e19f3 elementor-widget elementor-widget-image\" data-id=\"66e19f3\" data-element_type=\"widget\" data-e-type=\"widget\" data-widget_type=\"image.default\">\n\t\t\t\t\t\t\t\t\t\t\t\t\t\t\t<img alt=\"\" loading=\"lazy\" decoding=\"async\" width=\"640\" height=\"427\" src=\"https:\/\/oceanbeat.com\/wp-content\/uploads\/2025\/07\/da4abe_47057bd64a824a99a0a53143ff036575mv2.webp\" class=\"attachment-large size-large wp-image-855\" srcset=\"https:\/\/oceanbeat.com\/wp-content\/uploads\/2025\/07\/da4abe_47057bd64a824a99a0a53143ff036575mv2.webp 640w, https:\/\/oceanbeat.com\/wp-content\/uploads\/2025\/07\/da4abe_47057bd64a824a99a0a53143ff036575mv2-300x200.webp 300w, https:\/\/oceanbeat.com\/wp-content\/uploads\/2025\/07\/da4abe_47057bd64a824a99a0a53143ff036575mv2-18x12.webp 18w\" sizes=\"(max-width: 640px) 100vw, 640px\" \/>\t\t\t\t\t\t\t\t\t\t\t\t\t\t\t<\/div>\n\t\t\t\t<\/div>\n\t\t\t\t<div class=\"elementor-element elementor-element-6c6ecd5 elementor-widget__width-initial elementor-widget elementor-widget-text-editor\" data-id=\"6c6ecd5\" data-element_type=\"widget\" data-e-type=\"widget\" data-widget_type=\"text-editor.default\">\n\t\t\t\t\t\t\t\t\tRecuerde unas sencillas normas cuando visite cualquiera de estos lugares.\n\t\t\t\t\t\t\t\t<\/div>\n\t\t\t\t<div class=\"elementor-element elementor-element-d4c1293 elementor-widget__width-initial elementor-widget elementor-widget-text-editor\" data-id=\"d4c1293\" data-element_type=\"widget\" data-e-type=\"widget\" data-widget_type=\"text-editor.default\">\n\t\t\t\t\t\t\t\t\tTenga cuidado.\nLleve calzado adecuado.\nLleve agua y tentempi\u00e9s.\nLl\u00e9vese la basura.\nNo deje objetos de valor en el coche.\nSea respetuoso para que estas maravillas puedan conservarse durante muchos a\u00f1os m\u00e1s.\t\t\t\t\t\t\t\t<\/div>\n\t\t\t\t<div class=\"elementor-element elementor-element-35bfb82 elementor-widget__width-initial elementor-widget elementor-widget-text-editor\" data-id=\"35bfb82\" data-element_type=\"widget\" data-e-type=\"widget\" data-widget_type=\"text-editor.default\">\n\t\t\t\t\t\t\t\t\tDivi\u00e9rtase. Esperamos que disfrutes de nuestras 7 Maravillas de Ibiza tanto como nosotros.\n\t\t\t\t\t\t\t\t<\/div>\n\t\t\t\t\t<\/div>\n\t\t\t\t<\/div>\n\t\t\t\t<\/div>","protected":false},"excerpt":{"rendered":"<p>There are so many places in Ibiza that are globally famous, that they appear in your mind at the mere mention of Ibiza. Think Sunsets at Cafe Mambo, dancing the night away at Amnesia, enjoying the magic of Es Vedra or wandering around the Dalt Vila (Ibiza Old Town). However, if you scratch a little [&hellip;]<\/p>\n","protected":false},"author":2,"featured_media":1184,"comment_status":"open","ping_status":"open","sticky":false,"template":"elementor_header_footer","format":"standard","meta":{"_seopress_robots_primary_cat":"","_seopress_titles_title":"Wonders of Ibiza: Must-See Experiences &amp; Attractions","_seopress_titles_desc":"Discover the wonders of Ibiza \u2013 from secret beaches and scenic hikes to nightlife and cultural gems for unforgettable experiences.","_seopress_robots_index":"","footnotes":""},"categories":[1],"tags":[],"class_list":["post-831","post","type-post","status-publish","format-standard","has-post-thumbnail","hentry","category-uncategorized"],"_links":{"self":[{"href":"https:\/\/oceanbeat.com\/es\/wp-json\/wp\/v2\/posts\/831","targetHints":{"allow":["GET"]}}],"collection":[{"href":"https:\/\/oceanbeat.com\/es\/wp-json\/wp\/v2\/posts"}],"about":[{"href":"https:\/\/oceanbeat.com\/es\/wp-json\/wp\/v2\/types\/post"}],"author":[{"embeddable":true,"href":"https:\/\/oceanbeat.com\/es\/wp-json\/wp\/v2\/users\/2"}],"replies":[{"embeddable":true,"href":"https:\/\/oceanbeat.com\/es\/wp-json\/wp\/v2\/comments?post=831"}],"version-history":[{"count":11,"href":"https:\/\/oceanbeat.com\/es\/wp-json\/wp\/v2\/posts\/831\/revisions"}],"predecessor-version":[{"id":1951,"href":"https:\/\/oceanbeat.com\/es\/wp-json\/wp\/v2\/posts\/831\/revisions\/1951"}],"wp:featuredmedia":[{"embeddable":true,"href":"https:\/\/oceanbeat.com\/es\/wp-json\/wp\/v2\/media\/1184"}],"wp:attachment":[{"href":"https:\/\/oceanbeat.com\/es\/wp-json\/wp\/v2\/media?parent=831"}],"wp:term":[{"taxonomy":"category","embeddable":true,"href":"https:\/\/oceanbeat.com\/es\/wp-json\/wp\/v2\/categories?post=831"},{"taxonomy":"post_tag","embeddable":true,"href":"https:\/\/oceanbeat.com\/es\/wp-json\/wp\/v2\/tags?post=831"}],"curies":[{"name":"wp","href":"https:\/\/api.w.org\/{rel}","templated":true}]}}