{"id":984,"date":"2025-07-22T10:18:56","date_gmt":"2025-07-22T08:18:56","guid":{"rendered":"https:\/\/oceanbeat.com\/?p=984"},"modified":"2025-07-22T18:07:23","modified_gmt":"2025-07-22T16:07:23","slug":"misterios-desvelados","status":"publish","type":"post","link":"https:\/\/oceanbeat.com\/es\/2025\/07\/22\/mysteries-unveiled\/","title":{"rendered":"Misterios desvelados"},"content":{"rendered":"<div data-elementor-type=\"wp-post\" data-elementor-id=\"984\" class=\"elementor elementor-984\" data-elementor-post-type=\"post\">\n\t\t\t\t<div class=\"elementor-element elementor-element-416df73 e-flex e-con-boxed e-con e-parent\" data-id=\"416df73\" data-element_type=\"container\" data-e-type=\"container\">\n\t\t\t\t\t<div class=\"e-con-inner\">\n\t\t\t\t<div class=\"elementor-element elementor-element-6e47566 elementor-widget__width-initial elementor-widget elementor-widget-text-editor\" data-id=\"6e47566\" data-element_type=\"widget\" data-e-type=\"widget\" data-widget_type=\"text-editor.default\">\n\t\t\t\t\t\t\t\t\t<p>Bienvenido al m\u00edstico mundo de Es Vedr\u00e0, la peque\u00f1a isla rocosa frente a la costa suroeste de Ibiza que cautiva a los visitantes con su enigm\u00e1tica presencia y sus legendarias historias. Faro de misterio e im\u00e1n para mit\u00f3logos, Es Vedr\u00e0 est\u00e1 envuelta en historias que van de lo m\u00e1gico a lo misterioso. Acomp\u00e1\u00f1enos a profundizar en los mitos, leyendas y encantos de este emblem\u00e1tico islote, incluida una intrigante profec\u00eda de Nostradamus.<\/p>\t\t\t\t\t\t\t\t<\/div>\n\t\t\t\t<div class=\"elementor-element elementor-element-64f9db8 elementor-widget__width-initial elementor-widget elementor-widget-image\" data-id=\"64f9db8\" data-element_type=\"widget\" data-e-type=\"widget\" data-widget_type=\"image.default\">\n\t\t\t\t\t\t\t\t\t\t\t\t\t\t\t<img alt=\"\" fetchpriority=\"high\" decoding=\"async\" width=\"740\" height=\"415\" src=\"https:\/\/oceanbeat.com\/wp-content\/uploads\/2025\/07\/blog-foto-1.avif\" class=\"attachment-large size-large wp-image-992\" srcset=\"https:\/\/oceanbeat.com\/wp-content\/uploads\/2025\/07\/blog-foto-1.avif 740w, https:\/\/oceanbeat.com\/wp-content\/uploads\/2025\/07\/blog-foto-1-300x168.avif 300w, https:\/\/oceanbeat.com\/wp-content\/uploads\/2025\/07\/blog-foto-1-18x10.avif 18w\" sizes=\"(max-width: 740px) 100vw, 740px\" \/>\t\t\t\t\t\t\t\t\t\t\t\t\t\t\t<\/div>\n\t\t\t\t<div class=\"elementor-element elementor-element-00f6f05 elementor-widget__width-initial elementor-widget elementor-widget-text-editor\" data-id=\"00f6f05\" data-element_type=\"widget\" data-e-type=\"widget\" data-widget_type=\"text-editor.default\">\n\t\t\t\t\t\t\t\t\t<p>El enigma magn\u00e9tico de Es Vedr\u00e0<\/p>\t\t\t\t\t\t\t\t<\/div>\n\t\t\t\t<div class=\"elementor-element elementor-element-7b6f782 elementor-widget__width-initial elementor-widget elementor-widget-text-editor\" data-id=\"7b6f782\" data-element_type=\"widget\" data-e-type=\"widget\" data-widget_type=\"text-editor.default\">\n\t\t\t\t\t\t\t\t\t<p>Es Vedr\u00e0 suele citarse como uno de los puntos m\u00e1s magn\u00e9ticos de la Tierra, s\u00f3lo superado por el Tri\u00e1ngulo de las Bermudas en cuanto a perturbaciones de la navegaci\u00f3n. Pilotos y marineros afirman que sus br\u00fajulas giran bruscamente al pasar por all\u00ed, y las historias de equipos electr\u00f3nicos averiados contribuyen a la m\u00edstica de la isla. Tanto si estas anomal\u00edas se deben a una concentraci\u00f3n de minerales como a algo m\u00e1s m\u00edstico, el efecto sobre los instrumentos de navegaci\u00f3n es un enigma bien documentado.<\/p>\t\t\t\t\t\t\t\t<\/div>\n\t\t<div class=\"elementor-element elementor-element-f43116f e-con-full e-flex e-con e-child\" data-id=\"f43116f\" data-element_type=\"container\" data-e-type=\"container\">\n\t\t\t\t<div class=\"elementor-element elementor-element-eda84bc elementor-widget elementor-widget-image\" data-id=\"eda84bc\" data-element_type=\"widget\" data-e-type=\"widget\" data-widget_type=\"image.default\">\n\t\t\t\t\t\t\t\t\t\t\t\t\t\t\t<img alt=\"\" decoding=\"async\" width=\"800\" height=\"351\" src=\"https:\/\/oceanbeat.com\/wp-content\/uploads\/2025\/07\/blog-foto2-1.webp\" class=\"attachment-large size-large wp-image-1005\" srcset=\"https:\/\/oceanbeat.com\/wp-content\/uploads\/2025\/07\/blog-foto2-1.webp 980w, https:\/\/oceanbeat.com\/wp-content\/uploads\/2025\/07\/blog-foto2-1-300x132.webp 300w, https:\/\/oceanbeat.com\/wp-content\/uploads\/2025\/07\/blog-foto2-1-768x337.webp 768w, https:\/\/oceanbeat.com\/wp-content\/uploads\/2025\/07\/blog-foto2-1-18x8.webp 18w\" sizes=\"(max-width: 800px) 100vw, 800px\" \/>\t\t\t\t\t\t\t\t\t\t\t\t\t\t\t<\/div>\n\t\t\t\t<\/div>\n\t\t\t\t<div class=\"elementor-element elementor-element-c29ea53 elementor-widget__width-initial elementor-widget elementor-widget-text-editor\" data-id=\"c29ea53\" data-element_type=\"widget\" data-e-type=\"widget\" data-widget_type=\"text-editor.default\">\n\t\t\t\t\t\t\t\t\t<p>Atlantis: la conexi\u00f3n con la ciudad perdida<\/p>\t\t\t\t\t\t\t\t<\/div>\n\t\t\t\t<div class=\"elementor-element elementor-element-d79b66f elementor-widget__width-initial elementor-widget elementor-widget-text-editor\" data-id=\"d79b66f\" data-element_type=\"widget\" data-e-type=\"widget\" data-widget_type=\"text-editor.default\">\n\t\t\t\t\t\t\t\t\t<p>Una de las leyendas m\u00e1s cautivadoras asociadas a Es Vedr\u00e0 es que se trata de la punta de la civilizaci\u00f3n hundida de la Atl\u00e1ntida. Este mito se ve reforzado por el descubrimiento de inusuales formaciones rocosas bajo el agua que se asemejan a antiguas ruinas, vistas durante expediciones de buceo alrededor de la isla. Estas estructuras alimentan la imaginaci\u00f3n y conectan Ibiza con una de las leyendas m\u00e1s perdurables de un mundo antiguo perdido.<\/p>\t\t\t\t\t\t\t\t<\/div>\n\t\t\t\t<div class=\"elementor-element elementor-element-6a57d6b elementor-widget__width-initial elementor-widget elementor-widget-image\" data-id=\"6a57d6b\" data-element_type=\"widget\" data-e-type=\"widget\" data-widget_type=\"image.default\">\n\t\t\t\t\t\t\t\t\t\t\t\t\t\t\t<img alt=\"\" decoding=\"async\" width=\"740\" height=\"366\" src=\"https:\/\/oceanbeat.com\/wp-content\/uploads\/2025\/07\/blog-foto-4-1.avif\" class=\"attachment-large size-large wp-image-1009\" srcset=\"https:\/\/oceanbeat.com\/wp-content\/uploads\/2025\/07\/blog-foto-4-1.avif 740w, https:\/\/oceanbeat.com\/wp-content\/uploads\/2025\/07\/blog-foto-4-1-300x148.avif 300w, https:\/\/oceanbeat.com\/wp-content\/uploads\/2025\/07\/blog-foto-4-1-18x9.avif 18w\" sizes=\"(max-width: 740px) 100vw, 740px\" \/>\t\t\t\t\t\t\t\t\t\t\t\t\t\t\t<\/div>\n\t\t\t\t<div class=\"elementor-element elementor-element-bdb2615 elementor-widget__width-initial elementor-widget elementor-widget-text-editor\" data-id=\"bdb2615\" data-element_type=\"widget\" data-e-type=\"widget\" data-widget_type=\"text-editor.default\">\n\t\t\t\t\t\t\t\t\t<p>La conexi\u00f3n hom\u00e9rica: La isla de las sirenas<\/p>\t\t\t\t\t\t\t\t<\/div>\n\t\t\t\t<div class=\"elementor-element elementor-element-3720925 elementor-widget__width-initial elementor-widget elementor-widget-text-editor\" data-id=\"3720925\" data-element_type=\"widget\" data-e-type=\"widget\" data-widget_type=\"text-editor.default\">\n\t\t\t\t\t\t\t\t\t<p>Es Vedr\u00e0 tambi\u00e9n tiene fama de ser el hogar de las sirenas de la epopeya de Homero \"La Odisea\". Se dice que estas criaturas m\u00edticas, conocidas por atraer a los marineros a su perdici\u00f3n con sus encantadoras voces, resid\u00edan aqu\u00ed, y a menudo se se\u00f1ala a Es Vedr\u00e0 como la isla de las sirenas que Odiseo encontr\u00f3 en su viaje. La inquietante belleza y el inquietante silencio de Es Vedr\u00e0 dan cr\u00e9dito a esta antigua historia, convirti\u00e9ndola en un lugar de peregrinaci\u00f3n mitol\u00f3gica.<\/p>\t\t\t\t\t\t\t\t<\/div>\n\t\t<div class=\"elementor-element elementor-element-bc05c5a e-con-full e-flex e-con e-child\" data-id=\"bc05c5a\" data-element_type=\"container\" data-e-type=\"container\">\n\t\t\t\t<div class=\"elementor-element elementor-element-ea81c1d elementor-widget elementor-widget-image\" data-id=\"ea81c1d\" data-element_type=\"widget\" data-e-type=\"widget\" data-widget_type=\"image.default\">\n\t\t\t\t\t\t\t\t\t\t\t\t\t\t\t<img alt=\"\" loading=\"lazy\" decoding=\"async\" width=\"480\" height=\"360\" src=\"https:\/\/oceanbeat.com\/wp-content\/uploads\/2025\/07\/blog-foto-6.jpg\" class=\"attachment-large size-large wp-image-1020\" srcset=\"https:\/\/oceanbeat.com\/wp-content\/uploads\/2025\/07\/blog-foto-6.jpg 480w, https:\/\/oceanbeat.com\/wp-content\/uploads\/2025\/07\/blog-foto-6-300x225.jpg 300w, https:\/\/oceanbeat.com\/wp-content\/uploads\/2025\/07\/blog-foto-6-16x12.jpg 16w\" sizes=\"(max-width: 480px) 100vw, 480px\" \/>\t\t\t\t\t\t\t\t\t\t\t\t\t\t\t<\/div>\n\t\t\t\t<div class=\"elementor-element elementor-element-eb37057 elementor-widget elementor-widget-image\" data-id=\"eb37057\" data-element_type=\"widget\" data-e-type=\"widget\" data-widget_type=\"image.default\">\n\t\t\t\t\t\t\t\t\t\t\t\t\t\t\t<img alt=\"\" loading=\"lazy\" decoding=\"async\" width=\"495\" height=\"360\" src=\"https:\/\/oceanbeat.com\/wp-content\/uploads\/2025\/07\/blog-foto-5.webp\" class=\"attachment-large size-large wp-image-1019\" srcset=\"https:\/\/oceanbeat.com\/wp-content\/uploads\/2025\/07\/blog-foto-5.webp 495w, https:\/\/oceanbeat.com\/wp-content\/uploads\/2025\/07\/blog-foto-5-300x218.webp 300w, https:\/\/oceanbeat.com\/wp-content\/uploads\/2025\/07\/blog-foto-5-18x12.webp 18w\" sizes=\"(max-width: 495px) 100vw, 495px\" \/>\t\t\t\t\t\t\t\t\t\t\t\t\t\t\t<\/div>\n\t\t\t\t<\/div>\n\t\t\t\t<div class=\"elementor-element elementor-element-37cbf86 elementor-widget__width-initial elementor-widget elementor-widget-text-editor\" data-id=\"37cbf86\" data-element_type=\"widget\" data-e-type=\"widget\" data-widget_type=\"text-editor.default\">\n\t\t\t\t\t\t\t\t\t<p>Nostradamus y el futuro de Ibiza<\/p>\t\t\t\t\t\t\t\t<\/div>\n\t\t\t\t<div class=\"elementor-element elementor-element-4011633 elementor-widget__width-initial elementor-widget elementor-widget-text-editor\" data-id=\"4011633\" data-element_type=\"widget\" data-e-type=\"widget\" data-widget_type=\"text-editor.default\">\n\t\t\t\t\t\t\t\t\tEl encanto de Es Vedr\u00e0 llega incluso al \u00e1mbito de la profec\u00eda. Se dice que el famoso vidente Nostradamus predijo que la isla de Ibiza ser\u00eda el \u00faltimo refugio de la Tierra durante los cataclismos. Seg\u00fan las interpretaciones de sus cuartetas, la posici\u00f3n \u00fanica de Ibiza en el Mediterr\u00e1neo y su energ\u00eda espiritual, sobre todo en torno a Es Vedr\u00e0, la convierten en un refugio seguro durante la agitaci\u00f3n mundial. Esta profec\u00eda a\u00f1ade una capa de intriga y un sentido del destino a la isla, atrayendo a quienes se sienten fascinados por las leyendas apocal\u00edpticas.\t\t\t\t\t\t\t\t<\/div>\n\t\t<div class=\"elementor-element elementor-element-201eaaa e-con-full e-flex e-con e-child\" data-id=\"201eaaa\" data-element_type=\"container\" data-e-type=\"container\">\n\t\t\t\t<div class=\"elementor-element elementor-element-1e31f0f elementor-widget elementor-widget-image\" data-id=\"1e31f0f\" data-element_type=\"widget\" data-e-type=\"widget\" data-widget_type=\"image.default\">\n\t\t\t\t\t\t\t\t\t\t\t\t\t\t\t<img alt=\"\" loading=\"lazy\" decoding=\"async\" width=\"430\" height=\"280\" src=\"https:\/\/oceanbeat.com\/wp-content\/uploads\/2025\/07\/blog-foto-7.jpg\" class=\"attachment-large size-large wp-image-1023\" srcset=\"https:\/\/oceanbeat.com\/wp-content\/uploads\/2025\/07\/blog-foto-7.jpg 430w, https:\/\/oceanbeat.com\/wp-content\/uploads\/2025\/07\/blog-foto-7-300x195.jpg 300w, https:\/\/oceanbeat.com\/wp-content\/uploads\/2025\/07\/blog-foto-7-18x12.jpg 18w\" sizes=\"(max-width: 430px) 100vw, 430px\" \/>\t\t\t\t\t\t\t\t\t\t\t\t\t\t\t<\/div>\n\t\t\t\t<div class=\"elementor-element elementor-element-5a4a28c elementor-widget elementor-widget-image\" data-id=\"5a4a28c\" data-element_type=\"widget\" data-e-type=\"widget\" data-widget_type=\"image.default\">\n\t\t\t\t\t\t\t\t\t\t\t\t\t\t\t<img alt=\"\" loading=\"lazy\" decoding=\"async\" width=\"313\" height=\"161\" src=\"https:\/\/oceanbeat.com\/wp-content\/uploads\/2025\/07\/blog-foto-8.jpeg\" class=\"attachment-large size-large wp-image-1024\" srcset=\"https:\/\/oceanbeat.com\/wp-content\/uploads\/2025\/07\/blog-foto-8.jpeg 313w, https:\/\/oceanbeat.com\/wp-content\/uploads\/2025\/07\/blog-foto-8-300x154.jpeg 300w, https:\/\/oceanbeat.com\/wp-content\/uploads\/2025\/07\/blog-foto-8-18x9.jpeg 18w\" sizes=\"(max-width: 313px) 100vw, 313px\" \/>\t\t\t\t\t\t\t\t\t\t\t\t\t\t\t<\/div>\n\t\t\t\t<\/div>\n\t\t\t\t<div class=\"elementor-element elementor-element-4b501c1 elementor-widget__width-initial elementor-widget elementor-widget-text-editor\" data-id=\"4b501c1\" data-element_type=\"widget\" data-e-type=\"widget\" data-widget_type=\"text-editor.default\">\n\t\t\t\t\t\t\t\t\t<p>Avistamientos de ovnis y fen\u00f3menos de otro mundo<\/p>\t\t\t\t\t\t\t\t<\/div>\n\t\t\t\t<div class=\"elementor-element elementor-element-1bfd261 elementor-widget__width-initial elementor-widget elementor-widget-text-editor\" data-id=\"1bfd261\" data-element_type=\"widget\" data-e-type=\"widget\" data-widget_type=\"text-editor.default\">\n\t\t\t\t\t\t\t\t\t<p>El misterio de Es Vedr\u00e0 va m\u00e1s all\u00e1 de las explicaciones naturales y mitol\u00f3gicas y se adentra en el reino de lo extraterrestre. Se han registrado numerosos avistamientos de ovnis en los cielos del islote, lo que lleva a algunos a creer que Es Vedr\u00e0 podr\u00eda ser un faro o una puerta de entrada para visitantes extraterrestres. Estos relatos a\u00f1aden una apasionante capa de mito moderno al ya rico tapiz de leyendas que rodea la isla.<\/p>\t\t\t\t\t\t\t\t<\/div>\n\t\t<div class=\"elementor-element elementor-element-4f7e5c3 e-con-full e-flex e-con e-child\" data-id=\"4f7e5c3\" data-element_type=\"container\" data-e-type=\"container\">\n\t\t\t\t<div class=\"elementor-element elementor-element-b4fed1c elementor-widget elementor-widget-image\" data-id=\"b4fed1c\" data-element_type=\"widget\" data-e-type=\"widget\" data-widget_type=\"image.default\">\n\t\t\t\t\t\t\t\t\t\t\t\t\t\t\t<img alt=\"\" loading=\"lazy\" decoding=\"async\" width=\"300\" height=\"300\" src=\"https:\/\/oceanbeat.com\/wp-content\/uploads\/2025\/07\/blog-foto-9-1.webp\" class=\"attachment-large size-large wp-image-1028\" srcset=\"https:\/\/oceanbeat.com\/wp-content\/uploads\/2025\/07\/blog-foto-9-1.webp 300w, https:\/\/oceanbeat.com\/wp-content\/uploads\/2025\/07\/blog-foto-9-1-150x150.webp 150w, https:\/\/oceanbeat.com\/wp-content\/uploads\/2025\/07\/blog-foto-9-1-12x12.webp 12w\" sizes=\"(max-width: 300px) 100vw, 300px\" \/>\t\t\t\t\t\t\t\t\t\t\t\t\t\t\t<\/div>\n\t\t\t\t<div class=\"elementor-element elementor-element-4390a17 elementor-widget__width-initial elementor-widget elementor-widget-image\" data-id=\"4390a17\" data-element_type=\"widget\" data-e-type=\"widget\" data-widget_type=\"image.default\">\n\t\t\t\t\t\t\t\t\t\t\t\t\t\t\t<img alt=\"\" loading=\"lazy\" decoding=\"async\" width=\"300\" height=\"300\" src=\"https:\/\/oceanbeat.com\/wp-content\/uploads\/2025\/07\/blog-foto-10-1.webp\" class=\"attachment-large size-large wp-image-1027\" srcset=\"https:\/\/oceanbeat.com\/wp-content\/uploads\/2025\/07\/blog-foto-10-1.webp 300w, https:\/\/oceanbeat.com\/wp-content\/uploads\/2025\/07\/blog-foto-10-1-150x150.webp 150w, https:\/\/oceanbeat.com\/wp-content\/uploads\/2025\/07\/blog-foto-10-1-12x12.webp 12w\" sizes=\"(max-width: 300px) 100vw, 300px\" \/>\t\t\t\t\t\t\t\t\t\t\t\t\t\t\t<\/div>\n\t\t\t\t<\/div>\n\t\t\t\t<div class=\"elementor-element elementor-element-e1de0a2 elementor-widget__width-initial elementor-widget elementor-widget-text-editor\" data-id=\"e1de0a2\" data-element_type=\"widget\" data-e-type=\"widget\" data-widget_type=\"text-editor.default\">\n\t\t\t\t\t\t\t\t\t<p>Un santuario espiritual<\/p>\t\t\t\t\t\t\t\t<\/div>\n\t\t\t\t<div class=\"elementor-element elementor-element-ef92c29 elementor-widget__width-initial elementor-widget elementor-widget-text-editor\" data-id=\"ef92c29\" data-element_type=\"widget\" data-e-type=\"widget\" data-widget_type=\"text-editor.default\">\n\t\t\t\t\t\t\t\t\t<p>A pesar de su misteriosa reputaci\u00f3n, o quiz\u00e1 debido a ella, Es Vedr\u00e0 es considerado por muchos un santuario espiritual. Visitantes y lugare\u00f1os por igual acuden a sus orillas para meditar y practicar yoga, buscando la paz y la poderosa energ\u00eda que se dice emana de la roca. La belleza natural intacta del islote realza su reputaci\u00f3n como lugar de curaci\u00f3n y reflexi\u00f3n.<\/p>\t\t\t\t\t\t\t\t<\/div>\n\t\t<div class=\"elementor-element elementor-element-ddd761c e-con-full e-flex e-con e-child\" data-id=\"ddd761c\" data-element_type=\"container\" data-e-type=\"container\">\n\t\t\t\t<div class=\"elementor-element elementor-element-289b3af elementor-widget elementor-widget-image\" data-id=\"289b3af\" data-element_type=\"widget\" data-e-type=\"widget\" data-widget_type=\"image.default\">\n\t\t\t\t\t\t\t\t\t\t\t\t\t\t\t<img alt=\"\" loading=\"lazy\" decoding=\"async\" width=\"418\" height=\"418\" src=\"https:\/\/oceanbeat.com\/wp-content\/uploads\/2025\/07\/blog-foto-11-1.webp\" class=\"attachment-large size-large wp-image-1036\" srcset=\"https:\/\/oceanbeat.com\/wp-content\/uploads\/2025\/07\/blog-foto-11-1.webp 418w, https:\/\/oceanbeat.com\/wp-content\/uploads\/2025\/07\/blog-foto-11-1-300x300.webp 300w, https:\/\/oceanbeat.com\/wp-content\/uploads\/2025\/07\/blog-foto-11-1-150x150.webp 150w, https:\/\/oceanbeat.com\/wp-content\/uploads\/2025\/07\/blog-foto-11-1-12x12.webp 12w\" sizes=\"(max-width: 418px) 100vw, 418px\" \/>\t\t\t\t\t\t\t\t\t\t\t\t\t\t\t<\/div>\n\t\t\t\t<div class=\"elementor-element elementor-element-c6eac75 elementor-widget elementor-widget-image\" data-id=\"c6eac75\" data-element_type=\"widget\" data-e-type=\"widget\" data-widget_type=\"image.default\">\n\t\t\t\t\t\t\t\t\t\t\t\t\t\t\t<img alt=\"\" loading=\"lazy\" decoding=\"async\" width=\"557\" height=\"418\" src=\"https:\/\/oceanbeat.com\/wp-content\/uploads\/2025\/07\/blog-foto-12-2.webp\" class=\"attachment-large size-large wp-image-1037\" srcset=\"https:\/\/oceanbeat.com\/wp-content\/uploads\/2025\/07\/blog-foto-12-2.webp 557w, https:\/\/oceanbeat.com\/wp-content\/uploads\/2025\/07\/blog-foto-12-2-300x225.webp 300w, https:\/\/oceanbeat.com\/wp-content\/uploads\/2025\/07\/blog-foto-12-2-16x12.webp 16w\" sizes=\"(max-width: 557px) 100vw, 557px\" \/>\t\t\t\t\t\t\t\t\t\t\t\t\t\t\t<\/div>\n\t\t\t\t<\/div>\n\t\t\t\t<div class=\"elementor-element elementor-element-7debfa8 elementor-widget__width-initial elementor-widget elementor-widget-text-editor\" data-id=\"7debfa8\" data-element_type=\"widget\" data-e-type=\"widget\" data-widget_type=\"text-editor.default\">\n\t\t\t\t\t\t\t\t\tRecapitulaci\u00f3n:\n\t\t\t\t\t\t\t\t<\/div>\n\t\t\t\t<div class=\"elementor-element elementor-element-a0c4837 elementor-widget__width-initial elementor-widget elementor-widget-text-editor\" data-id=\"a0c4837\" data-element_type=\"widget\" data-e-type=\"widget\" data-widget_type=\"text-editor.default\">\n\t\t\t\t\t\t\t\t\t<p>Es Vedr\u00e0 es m\u00e1s que una roca; es un dep\u00f3sito de mitos, misterios y maravillas. Tanto si es un aficionado a la historia, un entusiasta de lo paranormal o un buscador de consuelo espiritual, Es Vedr\u00e0 le ofrece una experiencia \u00fanica y cautivadora. Una visita a este enigm\u00e1tico islote promete no s\u00f3lo unas vistas impresionantes, sino un viaje al coraz\u00f3n de las leyendas m\u00e1s perdurables de Ibiza. Recuerde, la verdadera magia de Es Vedr\u00e0 no est\u00e1 s\u00f3lo en las historias que se cuentan, sino en los misterios a\u00fan sin resolver.<\/p>\t\t\t\t\t\t\t\t<\/div>\n\t\t\t\t\t<\/div>\n\t\t\t\t<\/div>\n\t\t\t\t<\/div>","protected":false},"excerpt":{"rendered":"<p>Welcome to the mystical world of Es Vedr\u00e0, the small rocky island off the southwest coast of Ibiza that captivates visitors with its enigmatic presence and legendary tales. A beacon of mystery and a magnet for mythologists, Es Vedr\u00e0 is shrouded in stories that range from the magical to the mysterious. Join us as we [&hellip;]<\/p>\n","protected":false},"author":2,"featured_media":1169,"comment_status":"open","ping_status":"open","sticky":false,"template":"","format":"standard","meta":{"_seopress_robots_primary_cat":"","_seopress_titles_title":"Es Vedr\u00e0 Ibiza: Mystic Rock &amp; Top Viewpoints","_seopress_titles_desc":"Explore the legendary Es\u202fVedr\u00e0 in Ibiza \u2014 uncover its myths, history, and the best viewpoints for breathtaking photos.","_seopress_robots_index":"","footnotes":""},"categories":[1],"tags":[],"class_list":["post-984","post","type-post","status-publish","format-standard","has-post-thumbnail","hentry","category-uncategorized"],"_links":{"self":[{"href":"https:\/\/oceanbeat.com\/es\/wp-json\/wp\/v2\/posts\/984","targetHints":{"allow":["GET"]}}],"collection":[{"href":"https:\/\/oceanbeat.com\/es\/wp-json\/wp\/v2\/posts"}],"about":[{"href":"https:\/\/oceanbeat.com\/es\/wp-json\/wp\/v2\/types\/post"}],"author":[{"embeddable":true,"href":"https:\/\/oceanbeat.com\/es\/wp-json\/wp\/v2\/users\/2"}],"replies":[{"embeddable":true,"href":"https:\/\/oceanbeat.com\/es\/wp-json\/wp\/v2\/comments?post=984"}],"version-history":[{"count":6,"href":"https:\/\/oceanbeat.com\/es\/wp-json\/wp\/v2\/posts\/984\/revisions"}],"predecessor-version":[{"id":1045,"href":"https:\/\/oceanbeat.com\/es\/wp-json\/wp\/v2\/posts\/984\/revisions\/1045"}],"wp:featuredmedia":[{"embeddable":true,"href":"https:\/\/oceanbeat.com\/es\/wp-json\/wp\/v2\/media\/1169"}],"wp:attachment":[{"href":"https:\/\/oceanbeat.com\/es\/wp-json\/wp\/v2\/media?parent=984"}],"wp:term":[{"taxonomy":"category","embeddable":true,"href":"https:\/\/oceanbeat.com\/es\/wp-json\/wp\/v2\/categories?post=984"},{"taxonomy":"post_tag","embeddable":true,"href":"https:\/\/oceanbeat.com\/es\/wp-json\/wp\/v2\/tags?post=984"}],"curies":[{"name":"wp","href":"https:\/\/api.w.org\/{rel}","templated":true}]}}